{"id":9310,"date":"2025-11-16T23:29:49","date_gmt":"2025-11-16T20:29:49","guid":{"rendered":"https:\/\/sosyaldepom.com\/?p=9310"},"modified":"2025-11-17T21:33:39","modified_gmt":"2025-11-17T18:33:39","slug":"3-ogrenme-alani-2","status":"publish","type":"post","link":"https:\/\/sosyaldepom.com\/index.php\/2025\/11\/16\/3-ogrenme-alani-2\/","title":{"rendered":"3. \u00d6\u011frenme Alan\u0131"},"content":{"rendered":"\n<h3 class=\"wp-block-heading\"><a href=\"https:\/\/sosyaldepom.com\/index.php\/2025\/11\/16\/6-3-1-turkistanda-kurulan-ilk-turk-devletlerinin-medeniyetimize-katkilari\/\"><div class=\"box shadow  aligncenter\"><div class=\"box-inner-block\"><i class=\"fa tie-shortcode-boxicon\"><\/i>\n\t\t\t6.3.1 T\u00fcrkistanda Kurulan \u0130lk T\u00fcrk Devletlerinin Medeniyetimize Katk\u0131lar\u0131\n\t\t\t<\/div><\/div><\/a><\/h3>\n\n\n\n<h3 class=\"wp-block-heading\"><a href=\"https:\/\/sosyaldepom.com\/index.php\/2025\/11\/17\/6-3-2-vii-xiii-yuzyillar-arasinda-islam-medeniyetinin-insanligin-ortak-mirasina-katkilari\/\"><div class=\"box shadow  \"><div class=\"box-inner-block\"><i class=\"fa tie-shortcode-boxicon\"><\/i>\n\t\t\t6.3.2 VII-XIII. Y\u00fczy\u0131llar Aras\u0131nda \u0130slam Medeniyetinin \u0130nsanl\u0131\u011f\u0131n Ortak Miras\u0131na Katk\u0131lar\u0131\n\t\t\t<\/div><\/div><\/a><\/h3>\n\n\n\n<h3 class=\"wp-block-heading\"><a href=\"https:\/\/sosyaldepom.com\/index.php\/2025\/11\/17\/6-3-3-islamiyetin-kabuluyle-turklerin-sosyal-ve-kulturel-hayatlarinda-meydana-gelen-degisimler\/\"><div class=\"box shadow  \"><div class=\"box-inner-block\"><i class=\"fa tie-shortcode-boxicon\"><\/i>\n\t\t\t6.3.3 \u0130slamiyet\u2019in Kabul\u00fcyle T\u00fcrklerin Sosyal ve K\u00fclt\u00fcrel Hayatlar\u0131nda Meydana Gelen De\u011fi\u015fim\n\t\t\t<\/div><\/div><\/a><\/h3>\n\n\n\n<h3 class=\"wp-block-heading\"><a href=\"https:\/\/sosyaldepom.com\/index.php\/2025\/11\/17\/6-3-4-xi-xiii-yuzyillar-arasinda-meydana-gelen-askeri-mucadelelerin-anadolunun-turklesmesi-ve-islamlasmasina-katkilari\/\"><div class=\"box shadow  \"><div class=\"box-inner-block\"><i class=\"fa tie-shortcode-boxicon\"><\/i>\n\t\t\t6.3.4 XI- XIII. Y\u00fczy\u0131llar Aras\u0131nda Meydana Gelen Asker\u00ee M\u00fccadelelerin Anadolu\u2019nun T\u00fcrkle\u015fmesi ve \u0130slamla\u015fmas\u0131na Katk\u0131lar\u0131\n\t\t\t<\/div><\/div><\/a><\/h3>\n\n\n\n<div style=\"height:51px\" aria-hidden=\"true\" class=\"wp-block-spacer\"><\/div>\n\n\n\n<div class=\"wp-block-columns is-layout-flex wp-container-core-columns-is-layout-8f761849 wp-block-columns-is-layout-flex\">\n<div class=\"wp-block-column is-layout-flow wp-block-column-is-layout-flow\"><div class=\"wp-block-image\">\n<figure class=\"aligncenter size-full is-resized\"><a href=\"https:\/\/www.shopier.com\/23811577\" target=\"_blank\" rel=\"noreferrer noopener\"><img loading=\"lazy\" decoding=\"async\" width=\"1645\" height=\"1987\" src=\"http:\/\/sosyaldepom.com\/wp-content\/uploads\/2024\/02\/6.-sinif-akilli-defter-slayt-kitap-kapagi.png\" alt=\"\" class=\"wp-image-8761\" style=\"width:150px\" srcset=\"https:\/\/sosyaldepom.com\/wp-content\/uploads\/2024\/02\/6.-sinif-akilli-defter-slayt-kitap-kapagi.png 1645w, https:\/\/sosyaldepom.com\/wp-content\/uploads\/2024\/02\/6.-sinif-akilli-defter-slayt-kitap-kapagi-248x300.png 248w, https:\/\/sosyaldepom.com\/wp-content\/uploads\/2024\/02\/6.-sinif-akilli-defter-slayt-kitap-kapagi-848x1024.png 848w, https:\/\/sosyaldepom.com\/wp-content\/uploads\/2024\/02\/6.-sinif-akilli-defter-slayt-kitap-kapagi-768x928.png 768w\" sizes=\"auto, (max-width: 1645px) 100vw, 1645px\" \/><\/a><\/figure>\n<\/div><\/div>\n\n\n\n<div class=\"wp-block-column is-layout-flow wp-block-column-is-layout-flow\"><div class=\"wp-block-image\">\n<figure class=\"aligncenter size-full is-resized\"><a href=\"https:\/\/www.shopier.com\/23822278\" target=\"_blank\" rel=\"noreferrer noopener\"><img loading=\"lazy\" decoding=\"async\" width=\"2185\" height=\"2560\" src=\"http:\/\/sosyaldepom.com\/wp-content\/uploads\/2024\/02\/6.-sinif-Cikmis-slayt-kitap-kapagi-scaled.png\" alt=\"\" class=\"wp-image-8763\" style=\"width:150px\" srcset=\"https:\/\/sosyaldepom.com\/wp-content\/uploads\/2024\/02\/6.-sinif-Cikmis-slayt-kitap-kapagi-scaled.png 2185w, https:\/\/sosyaldepom.com\/wp-content\/uploads\/2024\/02\/6.-sinif-Cikmis-slayt-kitap-kapagi-256x300.png 256w, https:\/\/sosyaldepom.com\/wp-content\/uploads\/2024\/02\/6.-sinif-Cikmis-slayt-kitap-kapagi-874x1024.png 874w, https:\/\/sosyaldepom.com\/wp-content\/uploads\/2024\/02\/6.-sinif-Cikmis-slayt-kitap-kapagi-768x900.png 768w, https:\/\/sosyaldepom.com\/wp-content\/uploads\/2024\/02\/6.-sinif-Cikmis-slayt-kitap-kapagi-1311x1536.png 1311w\" sizes=\"auto, (max-width: 2185px) 100vw, 2185px\" \/><\/a><\/figure>\n<\/div><\/div>\n<\/div>\n","protected":false},"excerpt":{"rendered":"","protected":false},"author":2,"featured_media":0,"comment_status":"open","ping_status":"open","sticky":false,"template":"","format":"standard","meta":{"_crdt_document":"","om_disable_all_campaigns":false,"_monsterinsights_skip_tracking":false,"_monsterinsights_sitenote_active":false,"_monsterinsights_sitenote_note":"","_monsterinsights_sitenote_category":0,"_uf_show_specific_survey":0,"_uf_disable_surveys":false,"footnotes":""},"categories":[81],"tags":[560,175,142,227,141,217,334,322,564,139,146],"class_list":["post-9310","post","type-post","status-publish","format-standard","hentry","category-3-ogrenme-6-konu-slaytlari","tag-3-ogrenme-alani","tag-6-sinif","tag-dijital-egitim","tag-dijital-ogrenme","tag-egitim","tag-egitim-materyali","tag-hibrit-egitim","tag-konu-anlatimi","tag-sl","tag-sosyal-bilgiler","tag-sunum-dosyalari"],"aioseo_notices":[],"_links":{"self":[{"href":"https:\/\/sosyaldepom.com\/index.php\/wp-json\/wp\/v2\/posts\/9310","targetHints":{"allow":["GET"]}}],"collection":[{"href":"https:\/\/sosyaldepom.com\/index.php\/wp-json\/wp\/v2\/posts"}],"about":[{"href":"https:\/\/sosyaldepom.com\/index.php\/wp-json\/wp\/v2\/types\/post"}],"author":[{"embeddable":true,"href":"https:\/\/sosyaldepom.com\/index.php\/wp-json\/wp\/v2\/users\/2"}],"replies":[{"embeddable":true,"href":"https:\/\/sosyaldepom.com\/index.php\/wp-json\/wp\/v2\/comments?post=9310"}],"version-history":[{"count":9,"href":"https:\/\/sosyaldepom.com\/index.php\/wp-json\/wp\/v2\/posts\/9310\/revisions"}],"predecessor-version":[{"id":9335,"href":"https:\/\/sosyaldepom.com\/index.php\/wp-json\/wp\/v2\/posts\/9310\/revisions\/9335"}],"wp:attachment":[{"href":"https:\/\/sosyaldepom.com\/index.php\/wp-json\/wp\/v2\/media?parent=9310"}],"wp:term":[{"taxonomy":"category","embeddable":true,"href":"https:\/\/sosyaldepom.com\/index.php\/wp-json\/wp\/v2\/categories?post=9310"},{"taxonomy":"post_tag","embeddable":true,"href":"https:\/\/sosyaldepom.com\/index.php\/wp-json\/wp\/v2\/tags?post=9310"}],"curies":[{"name":"wp","href":"https:\/\/api.w.org\/{rel}","templated":true}]}}