{"id":158,"count":6,"description":"","link":"https:\/\/sosyaldepom.com\/index.php\/tag\/zaman-icinde-bilim\/","name":"ZAMAN \u0130\u00c7\u0130NDE B\u0130L\u0130M","slug":"zaman-icinde-bilim","taxonomy":"post_tag","meta":[],"_links":{"self":[{"href":"https:\/\/sosyaldepom.com\/index.php\/wp-json\/wp\/v2\/tags\/158","targetHints":{"allow":["GET"]}}],"collection":[{"href":"https:\/\/sosyaldepom.com\/index.php\/wp-json\/wp\/v2\/tags"}],"about":[{"href":"https:\/\/sosyaldepom.com\/index.php\/wp-json\/wp\/v2\/taxonomies\/post_tag"}],"wp:post_type":[{"href":"https:\/\/sosyaldepom.com\/index.php\/wp-json\/wp\/v2\/posts?tags=158"}],"curies":[{"name":"wp","href":"https:\/\/api.w.org\/{rel}","templated":true}]}}