{"id":211,"count":9,"description":"","link":"https:\/\/sosyaldepom.com\/index.php\/tag\/kulturel-ozelliklere-saygi-ve-birlikte-yasama-kulturu\/","name":"K\u00dcLT\u00dcREL \u00d6ZELL\u0130KLERE SAYGI VE B\u0130RL\u0130KTE YA\u015eAMA K\u00dcLT\u00dcR\u00dc","slug":"kulturel-ozelliklere-saygi-ve-birlikte-yasama-kulturu","taxonomy":"post_tag","meta":[],"_links":{"self":[{"href":"https:\/\/sosyaldepom.com\/index.php\/wp-json\/wp\/v2\/tags\/211","targetHints":{"allow":["GET"]}}],"collection":[{"href":"https:\/\/sosyaldepom.com\/index.php\/wp-json\/wp\/v2\/tags"}],"about":[{"href":"https:\/\/sosyaldepom.com\/index.php\/wp-json\/wp\/v2\/taxonomies\/post_tag"}],"wp:post_type":[{"href":"https:\/\/sosyaldepom.com\/index.php\/wp-json\/wp\/v2\/posts?tags=211"}],"curies":[{"name":"wp","href":"https:\/\/api.w.org\/{rel}","templated":true}]}}