{"id":406,"count":3,"description":"","link":"https:\/\/sosyaldepom.com\/index.php\/tag\/turkler-islamiyet-ile-tanisiyor\/","name":"T\u00dcRKLER \u0130SLAM\u0130YET \u0130LE TANI\u015eIYOR","slug":"turkler-islamiyet-ile-tanisiyor","taxonomy":"post_tag","meta":[],"_links":{"self":[{"href":"https:\/\/sosyaldepom.com\/index.php\/wp-json\/wp\/v2\/tags\/406","targetHints":{"allow":["GET"]}}],"collection":[{"href":"https:\/\/sosyaldepom.com\/index.php\/wp-json\/wp\/v2\/tags"}],"about":[{"href":"https:\/\/sosyaldepom.com\/index.php\/wp-json\/wp\/v2\/taxonomies\/post_tag"}],"wp:post_type":[{"href":"https:\/\/sosyaldepom.com\/index.php\/wp-json\/wp\/v2\/posts?tags=406"}],"curies":[{"name":"wp","href":"https:\/\/api.w.org\/{rel}","templated":true}]}}